{"id":6049,"date":"2020-03-27T09:06:43","date_gmt":"2020-03-27T08:06:43","guid":{"rendered":"https:\/\/hamburg-daressalaam.de\/weltwaerts-for-international-understanding-and-climate-protection\/"},"modified":"2025-06-15T15:43:58","modified_gmt":"2025-06-15T13:43:58","slug":"weltwaerts-for-international-understanding-and-climate-protection","status":"publish","type":"post","link":"https:\/\/hamburg-daressalaam.de\/en\/weltwaerts-for-international-understanding-and-climate-protection\/","title":{"rendered":"Weltw\u00e4rts for international understanding and climate protection"},"content":{"rendered":"<p><div class=\"fusion-fullwidth fullwidth-box fusion-builder-row-1 nonhundred-percent-fullwidth non-hundred-percent-height-scrolling\" style=\"--awb-border-radius-top-left:0px;--awb-border-radius-top-right:0px;--awb-border-radius-bottom-right:0px;--awb-border-radius-bottom-left:0px;\" ><div class=\"fusion-builder-row fusion-row\"><div class=\"fusion-layout-column fusion_builder_column fusion-builder-column-0 fusion_builder_column_1_1 1_1 fusion-one-full fusion-column-first fusion-column-last\" style=\"--awb-bg-size:cover;\"><div class=\"fusion-column-wrapper fusion-column-has-shadow fusion-flex-column-wrapper-legacy\"><div class=\"fusion-sep-clear\"><\/div><div class=\"fusion-separator fusion-no-small-visibility fusion-full-width-sep\" style=\"margin-left: auto;margin-right: auto;margin-bottom:50px;width:100%;\"><div class=\"fusion-separator-border sep-single\" style=\"--awb-height:20px;--awb-amount:20px;border-color:#e0dede;border-top-width:1px;\"><\/div><\/div><div class=\"fusion-sep-clear\"><\/div><div class=\"fusion-clearfix\"><\/div><\/div><\/div><div class=\"fusion-layout-column fusion_builder_column fusion-builder-column-1 fusion_builder_column_1_2 1_2 fusion-one-half fusion-column-first\" style=\"--awb-bg-size:cover;width:50%;width:calc(50% - ( ( 4% ) * 0.5 ) );margin-right: 4%;\"><div class=\"fusion-column-wrapper fusion-column-has-shadow fusion-flex-column-wrapper-legacy\"><div class=\"fusion-sep-clear\"><\/div><div class=\"fusion-separator\" style=\"margin-left: auto;margin-right: auto;margin-top:0px;margin-bottom:50px;width:100%;max-width:50px;\"><\/div><div class=\"fusion-sep-clear\"><\/div><div class=\"fusion-text fusion-text-1\"><h1>Weltw\u00e4rts for international understanding and climate protection<\/h1>\n<\/div><div class=\"fusion-sep-clear\"><\/div><div class=\"fusion-separator fusion-clearfix\" style=\"float:left;margin-bottom:40px;width:100%;max-width:100px;\"><div class=\"fusion-separator-border sep-single sep-solid\" style=\"--awb-height:20px;--awb-amount:20px;--awb-sep-color:#00a5c4;border-color:#00a5c4;border-top-width:4px;\"><\/div><\/div><div class=\"fusion-sep-clear\"><\/div><div class=\"fusion-text fusion-text-2\"><p>The <strong>German-Tanzanian Partnership (DTP)<\/strong> works in Tanzania in the field of international understanding and climate protection. To this end, it cooperates with its main partner in Tanzania, the NGO A<strong>ction for Community Care (ACC)<\/strong>. Together with ACC, the DTP accompanies the 16 German weltw\u00e4rts volunteers in Tanzania each year as well as the five Tanzanian weltw\u00e4rts volunteers in Hamburg, L\u00fcneburg and Berlin. ACC and DTP exchange information intensively and develop the programs further.<\/p>\n<\/div><div class=\"fusion-clearfix\"><\/div><\/div><\/div><div class=\"fusion-layout-column fusion_builder_column fusion-builder-column-2 fusion_builder_column_1_2 1_2 fusion-one-half fusion-column-last\" style=\"--awb-bg-size:cover;width:50%;width:calc(50% - ( ( 4% ) * 0.5 ) );\"><div class=\"fusion-column-wrapper fusion-column-has-shadow fusion-flex-column-wrapper-legacy\"><div class=\"fusion-image-element fusion-image-align-center in-legacy-container\" style=\"text-align:center;--awb-max-width:300px;--awb-caption-title-size:var(--h2_typography-font-size);--awb-caption-title-transform:var(--h2_typography-text-transform);--awb-caption-title-line-height:var(--h2_typography-line-height);--awb-caption-title-letter-spacing:var(--h2_typography-letter-spacing);\"><div class=\"imageframe-align-center\"><span class=\" fusion-imageframe imageframe-none imageframe-1 hover-type-none\"><img decoding=\"async\" width=\"600\" height=\"600\" title=\"web_DTP-youthCoalition_R_Frieda_MosesGro\u00dfmutter\" src=\"https:\/\/cdn.hamburg-daressalaam.de\/wp-content\/uploads\/2020\/03\/web_DTP-youthCoalition_R_Frieda_MosesGro\u00dfmutter.png?strip=all\" alt class=\"img-responsive wp-image-4703\" srcset=\"https:\/\/cdn.hamburg-daressalaam.de\/wp-content\/uploads\/2020\/03\/web_DTP-youthCoalition_R_Frieda_MosesGro\u00dfmutter-200x200.png?strip=all 200w, https:\/\/cdn.hamburg-daressalaam.de\/wp-content\/uploads\/2020\/03\/web_DTP-youthCoalition_R_Frieda_MosesGro\u00dfmutter-400x400.png?strip=all 400w, https:\/\/cdn.hamburg-daressalaam.de\/wp-content\/uploads\/2020\/03\/web_DTP-youthCoalition_R_Frieda_MosesGro\u00dfmutter.png?strip=all 600w, https:\/\/cdn.hamburg-daressalaam.de\/wp-content\/uploads\/2020\/03\/web_DTP-youthCoalition_R_Frieda_MosesGro\u00dfmutter.png?strip=all&amp;w=120 120w, https:\/\/cdn.hamburg-daressalaam.de\/wp-content\/uploads\/2020\/03\/web_DTP-youthCoalition_R_Frieda_MosesGro\u00dfmutter.png?strip=all&amp;w=480 480w\" sizes=\"(max-width: 1024px) 100vw, 600px\" \/><\/span><\/div><\/div><div class=\"fusion-clearfix\"><\/div><\/div><\/div><div class=\"fusion-layout-column fusion_builder_column fusion-builder-column-3 fusion_builder_column_1_1 1_1 fusion-one-full fusion-column-first fusion-column-last\" style=\"--awb-bg-size:cover;\"><div class=\"fusion-column-wrapper fusion-column-has-shadow fusion-flex-column-wrapper-legacy\"><div class=\"fusion-text fusion-text-3\"><div class=\"fusion-layout-column fusion_builder_column fusion-builder-column-3 fusion_builder_column_1_1 1_1 fusion-one-full fusion-column-first fusion-column-last\">\n<div class=\"fusion-column-wrapper fusion-flex-column-wrapper-legacy\">\n<div class=\"fusion-text fusion-text-3\">\n<p>In Dar es Salaam, 2 DTP volunteers will be working with the NGO <strong>Tanzania Landscape Restoration Organization (TaLRO)<\/strong> for 12 months every year from summer 2025. TaLRO&#8217;s main activity is to restore deforested and degraded areas. The NGO offers baseline surveys, runs a tree nursery, restores fallow land and forests, trains communities in nature conservation and develops nature-friendly income opportunities with them. The NGO was founded in 2019 by a group of Tanzanian conservationists.<br \/>\nTogether with the German-Tanzanian Partnership, ACC has been supporting the 16 annual German volunteers in Tanzania and the five Tanzanian volunteers in Hamburg, L\u00fcneburg and Berlin since 2020.<\/p>\n<p>The DTP works with the NGO <a href=\"https:\/\/hamburg-daressalaam.de\/en\/tanzania-renewable-energy-association-tarea\/\"><strong>Tanzania Renewable Energy Association (TAREA)<\/strong><\/a> in Dar es Salaam by training one Tanzanian each year for 12 months in the field of renewable energy. This supports TAREA in its work and subsequently makes it easier for the Tanzanian to start a career, primarily in the field of renewable energies in Tanzania.<\/p>\n<\/div>\n<\/div>\n<\/div>\n<\/div><div class=\"fusion-image-carousel fusion-image-carousel-auto fusion-image-carousel-1 lightbox-enabled\"><div class=\"awb-carousel awb-swiper awb-swiper-carousel\" data-autoplay=\"yes\" data-columns=\"3\" data-itemmargin=\"10\" data-itemwidth=\"180\" data-touchscroll=\"no\" data-imagesize=\"auto\" data-scrollitems=\"1\" style=\"--awb-columns:3;--awb-column-spacing:10px;\"><div class=\"swiper-wrapper fusion-flex-align-items-center\"><div class=\"swiper-slide\"><div class=\"fusion-carousel-item-wrapper\"><div class=\"fusion-image-wrapper hover-type-zoomin\"><a data-rel=\"iLightbox[image_carousel_1]\" data-title=\"web_DTP-youthCoalition_02_JGI-BaeumepflanzenSchule\" aria-label=\"web_DTP-youthCoalition_02_JGI-BaeumepflanzenSchule\" href=\"https:\/\/cdn.hamburg-daressalaam.de\/wp-content\/uploads\/2020\/03\/web_DTP-youthCoalition_02_JGI-Ba\u0308umepflanzenSchule.jpg?strip=all&w=2560\" target=\"_self\"><img decoding=\"async\" width=\"1024\" height=\"768\" src=\"https:\/\/cdn.hamburg-daressalaam.de\/wp-content\/uploads\/2020\/03\/web_DTP-youthCoalition_02_JGI-Ba\u0308umepflanzenSchule.jpg?strip=all\" class=\"attachment-full size-full\" alt=\"\" srcset=\"https:\/\/cdn.hamburg-daressalaam.de\/wp-content\/uploads\/2020\/03\/web_DTP-youthCoalition_02_JGI-Ba\u0308umepflanzenSchule-200x150.jpg?strip=all 200w, https:\/\/cdn.hamburg-daressalaam.de\/wp-content\/uploads\/2020\/03\/web_DTP-youthCoalition_02_JGI-Ba\u0308umepflanzenSchule-400x300.jpg?strip=all 400w, https:\/\/cdn.hamburg-daressalaam.de\/wp-content\/uploads\/2020\/03\/web_DTP-youthCoalition_02_JGI-Ba\u0308umepflanzenSchule-600x450.jpg?strip=all 600w, https:\/\/cdn.hamburg-daressalaam.de\/wp-content\/uploads\/2020\/03\/web_DTP-youthCoalition_02_JGI-Ba\u0308umepflanzenSchule-800x600.jpg?strip=all 800w, https:\/\/cdn.hamburg-daressalaam.de\/wp-content\/uploads\/2020\/03\/web_DTP-youthCoalition_02_JGI-Ba\u0308umepflanzenSchule.jpg?strip=all 1024w, https:\/\/cdn.hamburg-daressalaam.de\/wp-content\/uploads\/2020\/03\/web_DTP-youthCoalition_02_JGI-Ba\u0308umepflanzenSchule.jpg?strip=all&amp;w=450 450w\" sizes=\"(min-width: 2200px) 100vw, (min-width: 960px) 383px, (min-width: 800px) 575px, (min-width: 640px) 800px, \" \/><\/a><\/div><\/div><\/div><div class=\"swiper-slide\"><div class=\"fusion-carousel-item-wrapper\"><div class=\"fusion-image-wrapper hover-type-zoomin\"><a data-rel=\"iLightbox[image_carousel_1]\" data-title=\"web_DTP-youthCoalition_03_BaeumePflanzenErklaerung\" aria-label=\"web_DTP-youthCoalition_03_BaeumePflanzenErklaerung\" href=\"https:\/\/cdn.hamburg-daressalaam.de\/wp-content\/uploads\/2020\/03\/web_DTP-youthCoalition_03_BaeumePflanzenErklaerung.jpg?strip=all&w=2560\" target=\"_self\"><img decoding=\"async\" width=\"1024\" height=\"768\" src=\"https:\/\/cdn.hamburg-daressalaam.de\/wp-content\/uploads\/2020\/03\/web_DTP-youthCoalition_03_BaeumePflanzenErklaerung.jpg?strip=all\" class=\"attachment-full size-full\" alt=\"\" srcset=\"https:\/\/cdn.hamburg-daressalaam.de\/wp-content\/uploads\/2020\/03\/web_DTP-youthCoalition_03_BaeumePflanzenErklaerung-200x150.jpg?strip=all 200w, https:\/\/cdn.hamburg-daressalaam.de\/wp-content\/uploads\/2020\/03\/web_DTP-youthCoalition_03_BaeumePflanzenErklaerung-400x300.jpg?strip=all 400w, https:\/\/cdn.hamburg-daressalaam.de\/wp-content\/uploads\/2020\/03\/web_DTP-youthCoalition_03_BaeumePflanzenErklaerung-600x450.jpg?strip=all 600w, https:\/\/cdn.hamburg-daressalaam.de\/wp-content\/uploads\/2020\/03\/web_DTP-youthCoalition_03_BaeumePflanzenErklaerung-800x600.jpg?strip=all 800w, https:\/\/cdn.hamburg-daressalaam.de\/wp-content\/uploads\/2020\/03\/web_DTP-youthCoalition_03_BaeumePflanzenErklaerung.jpg?strip=all 1024w, https:\/\/cdn.hamburg-daressalaam.de\/wp-content\/uploads\/2020\/03\/web_DTP-youthCoalition_03_BaeumePflanzenErklaerung.jpg?strip=all&amp;w=450 450w\" sizes=\"(min-width: 2200px) 100vw, (min-width: 960px) 383px, (min-width: 800px) 575px, (min-width: 640px) 800px, \" \/><\/a><\/div><\/div><\/div><div class=\"swiper-slide\"><div class=\"fusion-carousel-item-wrapper\"><div class=\"fusion-image-wrapper hover-type-zoomin\"><a data-rel=\"iLightbox[image_carousel_1]\" data-title=\"web_DTP-youthCoalition_04_Sued-Nord-Vortragsreise\" aria-label=\"web_DTP-youthCoalition_04_Sued-Nord-Vortragsreise\" href=\"https:\/\/cdn.hamburg-daressalaam.de\/wp-content\/uploads\/2020\/03\/web_DTP-youthCoalition_04_Sued-Nord-Vortragsreise.jpg?strip=all&w=2560\" target=\"_self\"><img decoding=\"async\" width=\"1024\" height=\"768\" src=\"https:\/\/cdn.hamburg-daressalaam.de\/wp-content\/uploads\/2020\/03\/web_DTP-youthCoalition_04_Sued-Nord-Vortragsreise.jpg?strip=all\" class=\"attachment-full size-full\" alt=\"\" srcset=\"https:\/\/cdn.hamburg-daressalaam.de\/wp-content\/uploads\/2020\/03\/web_DTP-youthCoalition_04_Sued-Nord-Vortragsreise-200x150.jpg?strip=all 200w, https:\/\/cdn.hamburg-daressalaam.de\/wp-content\/uploads\/2020\/03\/web_DTP-youthCoalition_04_Sued-Nord-Vortragsreise-400x300.jpg?strip=all 400w, https:\/\/cdn.hamburg-daressalaam.de\/wp-content\/uploads\/2020\/03\/web_DTP-youthCoalition_04_Sued-Nord-Vortragsreise-600x450.jpg?strip=all 600w, https:\/\/cdn.hamburg-daressalaam.de\/wp-content\/uploads\/2020\/03\/web_DTP-youthCoalition_04_Sued-Nord-Vortragsreise-800x600.jpg?strip=all 800w, https:\/\/cdn.hamburg-daressalaam.de\/wp-content\/uploads\/2020\/03\/web_DTP-youthCoalition_04_Sued-Nord-Vortragsreise.jpg?strip=all 1024w, https:\/\/cdn.hamburg-daressalaam.de\/wp-content\/uploads\/2020\/03\/web_DTP-youthCoalition_04_Sued-Nord-Vortragsreise.jpg?strip=all&amp;w=450 450w\" sizes=\"(min-width: 2200px) 100vw, (min-width: 960px) 383px, (min-width: 800px) 575px, (min-width: 640px) 800px, \" \/><\/a><\/div><\/div><\/div><div class=\"swiper-slide\"><div class=\"fusion-carousel-item-wrapper\"><div class=\"fusion-image-wrapper hover-type-zoomin\"><a data-rel=\"iLightbox[image_carousel_1]\" data-title=\"web_DTP-youthCoalition_05_Tans-Abend-Ilmenau-Linda-und-Cath-tanzen\" aria-label=\"web_DTP-youthCoalition_05_Tans-Abend-Ilmenau-Linda-und-Cath-tanzen\" href=\"https:\/\/cdn.hamburg-daressalaam.de\/wp-content\/uploads\/2020\/03\/web_DTP-youthCoalition_05_Tans-Abend-Ilmenau-Linda-und-Cath-tanzen.jpg?strip=all&w=2560\" target=\"_self\"><img decoding=\"async\" width=\"1024\" height=\"768\" src=\"https:\/\/cdn.hamburg-daressalaam.de\/wp-content\/uploads\/2020\/03\/web_DTP-youthCoalition_05_Tans-Abend-Ilmenau-Linda-und-Cath-tanzen.jpg?strip=all\" class=\"attachment-full size-full\" alt=\"\" srcset=\"https:\/\/cdn.hamburg-daressalaam.de\/wp-content\/uploads\/2020\/03\/web_DTP-youthCoalition_05_Tans-Abend-Ilmenau-Linda-und-Cath-tanzen-200x150.jpg?strip=all 200w, https:\/\/cdn.hamburg-daressalaam.de\/wp-content\/uploads\/2020\/03\/web_DTP-youthCoalition_05_Tans-Abend-Ilmenau-Linda-und-Cath-tanzen-400x300.jpg?strip=all 400w, https:\/\/cdn.hamburg-daressalaam.de\/wp-content\/uploads\/2020\/03\/web_DTP-youthCoalition_05_Tans-Abend-Ilmenau-Linda-und-Cath-tanzen-600x450.jpg?strip=all 600w, https:\/\/cdn.hamburg-daressalaam.de\/wp-content\/uploads\/2020\/03\/web_DTP-youthCoalition_05_Tans-Abend-Ilmenau-Linda-und-Cath-tanzen-800x600.jpg?strip=all 800w, https:\/\/cdn.hamburg-daressalaam.de\/wp-content\/uploads\/2020\/03\/web_DTP-youthCoalition_05_Tans-Abend-Ilmenau-Linda-und-Cath-tanzen.jpg?strip=all 1024w, https:\/\/cdn.hamburg-daressalaam.de\/wp-content\/uploads\/2020\/03\/web_DTP-youthCoalition_05_Tans-Abend-Ilmenau-Linda-und-Cath-tanzen.jpg?strip=all&amp;w=450 450w\" sizes=\"(min-width: 2200px) 100vw, (min-width: 960px) 383px, (min-width: 800px) 575px, (min-width: 640px) 800px, \" \/><\/a><\/div><\/div><\/div><div class=\"swiper-slide\"><div class=\"fusion-carousel-item-wrapper\"><div class=\"fusion-image-wrapper hover-type-zoomin\"><a data-rel=\"iLightbox[image_carousel_1]\" data-title=\"web_DTP-YouthCoalition_01_JGI-Klasse-hat-Mu\u0308ll-am-Strand-gesammelt\" aria-label=\"web_DTP-YouthCoalition_01_JGI-Klasse-hat-Mu\u0308ll-am-Strand-gesammelt\" href=\"https:\/\/cdn.hamburg-daressalaam.de\/wp-content\/uploads\/2020\/03\/web_DTP-youthCoalition_01_JGI-Klasse-hat-Mu\u0308ll-am-Strand-gesammelt.jpg?strip=all&w=2560\" target=\"_self\"><img decoding=\"async\" width=\"1024\" height=\"768\" src=\"https:\/\/cdn.hamburg-daressalaam.de\/wp-content\/uploads\/2020\/03\/web_DTP-YouthCoalition_01_JGI-Klasse-hat-Mu\u0308ll-am-Strand-gesammelt.jpg?strip=all\" class=\"attachment-full size-full\" alt=\"\" srcset=\"https:\/\/cdn.hamburg-daressalaam.de\/wp-content\/uploads\/2020\/03\/web_DTP-YouthCoalition_01_JGI-Klasse-hat-Mu\u0308ll-am-Strand-gesammelt-200x150.jpg?strip=all 200w, https:\/\/cdn.hamburg-daressalaam.de\/wp-content\/uploads\/2020\/03\/web_DTP-YouthCoalition_01_JGI-Klasse-hat-Mu\u0308ll-am-Strand-gesammelt-400x300.jpg?strip=all 400w, https:\/\/cdn.hamburg-daressalaam.de\/wp-content\/uploads\/2020\/03\/web_DTP-YouthCoalition_01_JGI-Klasse-hat-Mu\u0308ll-am-Strand-gesammelt-600x450.jpg?strip=all 600w, https:\/\/cdn.hamburg-daressalaam.de\/wp-content\/uploads\/2020\/03\/web_DTP-YouthCoalition_01_JGI-Klasse-hat-Mu\u0308ll-am-Strand-gesammelt-800x600.jpg?strip=all 800w, https:\/\/cdn.hamburg-daressalaam.de\/wp-content\/uploads\/2020\/03\/web_DTP-YouthCoalition_01_JGI-Klasse-hat-Mu\u0308ll-am-Strand-gesammelt.jpg?strip=all 1024w, https:\/\/cdn.hamburg-daressalaam.de\/wp-content\/uploads\/2020\/03\/web_DTP-YouthCoalition_01_JGI-Klasse-hat-Mu\u0308ll-am-Strand-gesammelt.jpg?strip=all&amp;w=450 450w\" sizes=\"(min-width: 2200px) 100vw, (min-width: 960px) 383px, (min-width: 800px) 575px, (min-width: 640px) 800px, \" \/><\/a><\/div><\/div><\/div><div class=\"swiper-slide\"><div class=\"fusion-carousel-item-wrapper\"><div class=\"fusion-image-wrapper hover-type-zoomin\"><a data-rel=\"iLightbox[image_carousel_1]\" target=\"_self\"><img decoding=\"async\" src=\"\" alt=\"\"\/><\/a><\/div><\/div><\/div><\/div><div class=\"awb-swiper-button awb-swiper-button-prev\"><i class=\"awb-icon-angle-left\" aria-hidden=\"true\"><\/i><\/div><div class=\"awb-swiper-button awb-swiper-button-next\"><i class=\"awb-icon-angle-right\" aria-hidden=\"true\"><\/i><\/div><\/div><\/div><div class=\"fusion-clearfix\"><\/div><\/div><\/div><\/div><\/div><div class=\"fusion-fullwidth fullwidth-box fusion-builder-row-2 nonhundred-percent-fullwidth non-hundred-percent-height-scrolling\" style=\"--awb-border-sizes-top:0px;--awb-border-sizes-bottom:0px;--awb-border-sizes-left:0px;--awb-border-sizes-right:0px;--awb-border-color:#607d8b;--awb-border-radius-top-left:0px;--awb-border-radius-top-right:0px;--awb-border-radius-bottom-right:0px;--awb-border-radius-bottom-left:0px;--awb-padding-top:30px;--awb-padding-bottom:30px;--awb-background-image:radial-gradient(circle at left top, #00a4c4 0%,#e53540 100%);;\" ><div class=\"fusion-builder-row fusion-row\"><div class=\"fusion-layout-column fusion_builder_column fusion-builder-column-4 fusion_builder_column_1_1 1_1 fusion-one-full fusion-column-first fusion-column-last\" style=\"--awb-bg-size:cover;\"><div class=\"fusion-column-wrapper fusion-column-has-shadow fusion-flex-column-wrapper-legacy\"><div class=\"fusion-text fusion-text-4\"><h2 style=\"text-align: center;\"><span style=\"color: #ffffff;\">Working together in this partnership:<\/span><\/h2>\n<\/div><div class=\"fusion-clearfix\"><\/div><\/div><\/div><div class=\"fusion-layout-column fusion_builder_column fusion-builder-column-5 fusion_builder_column_1_3 1_3 fusion-one-third fusion-column-first\" style=\"--awb-bg-size:cover;width:33.3333333333%;width:calc(33.3333333333% - ( ( 4% + 4% ) * 0.333333333333 ) );margin-right: 4%;\"><div class=\"fusion-column-wrapper fusion-column-has-shadow fusion-flex-column-wrapper-legacy\"><div class=\"fusion-image-element fusion-image-align-center in-legacy-container\" style=\"text-align:center;--awb-max-width:200px;--awb-caption-title-size:var(--h2_typography-font-size);--awb-caption-title-transform:var(--h2_typography-text-transform);--awb-caption-title-line-height:var(--h2_typography-line-height);--awb-caption-title-letter-spacing:var(--h2_typography-letter-spacing);\"><div class=\"imageframe-align-center\"><span class=\" fusion-imageframe imageframe-none imageframe-2 hover-type-none\"><a class=\"fusion-no-lightbox\" href=\"https:\/\/hamburg-daressalaam.de\/deutsch-tansanische-partnerschaft\/\" target=\"_self\" aria-label=\"AKTEUR_DTP_LOGO_400x400_200323\"><img decoding=\"async\" width=\"400\" height=\"400\" src=\"https:\/\/cdn.hamburg-daressalaam.de\/wp-content\/uploads\/2020\/03\/AKTEUR_DTP_LOGO_400x400_200323.png?strip=all\" alt class=\"img-responsive wp-image-4709\" srcset=\"https:\/\/cdn.hamburg-daressalaam.de\/wp-content\/uploads\/2020\/03\/AKTEUR_DTP_LOGO_400x400_200323-200x200.png?strip=all 200w, https:\/\/cdn.hamburg-daressalaam.de\/wp-content\/uploads\/2020\/03\/AKTEUR_DTP_LOGO_400x400_200323.png?strip=all 400w, https:\/\/cdn.hamburg-daressalaam.de\/wp-content\/uploads\/2020\/03\/AKTEUR_DTP_LOGO_400x400_200323.png?strip=all&amp;w=80 80w, https:\/\/cdn.hamburg-daressalaam.de\/wp-content\/uploads\/2020\/03\/AKTEUR_DTP_LOGO_400x400_200323.png?strip=all&amp;w=320 320w\" sizes=\"(max-width: 1024px) 100vw, 400px\" \/><\/a><\/span><\/div><\/div><div class=\"fusion-clearfix\"><\/div><\/div><\/div><div class=\"fusion-layout-column fusion_builder_column fusion-builder-column-6 fusion_builder_column_1_3 1_3 fusion-one-third\" style=\"--awb-bg-size:cover;width:33.3333333333%;width:calc(33.3333333333% - ( ( 4% + 4% ) * 0.333333333333 ) );margin-right: 4%;\"><div class=\"fusion-column-wrapper fusion-column-has-shadow fusion-flex-column-wrapper-legacy\"><div class=\"fusion-image-element fusion-image-align-center in-legacy-container\" style=\"text-align:center;--awb-max-width:200px;--awb-caption-title-size:var(--h2_typography-font-size);--awb-caption-title-transform:var(--h2_typography-text-transform);--awb-caption-title-line-height:var(--h2_typography-line-height);--awb-caption-title-letter-spacing:var(--h2_typography-letter-spacing);\"><div class=\"imageframe-align-center\"><span class=\" fusion-imageframe imageframe-none imageframe-3 hover-type-none\"><a class=\"fusion-no-lightbox\" href=\"https:\/\/hamburg-daressalaam.de\/en\/acc\/\" target=\"_self\" aria-label=\"AKTEUR_acc_LOGO_400x400\"><img decoding=\"async\" width=\"400\" height=\"400\" src=\"https:\/\/cdn.hamburg-daressalaam.de\/wp-content\/uploads\/2021\/03\/AKTEUR_acc_LOGO_400x400.png?strip=all\" alt class=\"img-responsive wp-image-5161\" srcset=\"https:\/\/cdn.hamburg-daressalaam.de\/wp-content\/uploads\/2021\/03\/AKTEUR_acc_LOGO_400x400-200x200.png?strip=all 200w, https:\/\/cdn.hamburg-daressalaam.de\/wp-content\/uploads\/2021\/03\/AKTEUR_acc_LOGO_400x400.png?strip=all 400w, https:\/\/cdn.hamburg-daressalaam.de\/wp-content\/uploads\/2021\/03\/AKTEUR_acc_LOGO_400x400.png?strip=all&amp;w=80 80w, https:\/\/cdn.hamburg-daressalaam.de\/wp-content\/uploads\/2021\/03\/AKTEUR_acc_LOGO_400x400.png?strip=all&amp;w=320 320w\" sizes=\"(max-width: 1024px) 100vw, 400px\" \/><\/a><\/span><\/div><\/div><div class=\"fusion-clearfix\"><\/div><\/div><\/div><div class=\"fusion-layout-column fusion_builder_column fusion-builder-column-7 fusion_builder_column_1_3 1_3 fusion-one-third fusion-column-last\" style=\"--awb-bg-size:cover;width:33.3333333333%;width:calc(33.3333333333% - ( ( 4% + 4% ) * 0.333333333333 ) );\"><div class=\"fusion-column-wrapper fusion-column-has-shadow fusion-flex-column-wrapper-legacy\"><div class=\"fusion-image-element fusion-image-align-center in-legacy-container\" style=\"text-align:center;--awb-max-width:200px;--awb-caption-title-size:var(--h2_typography-font-size);--awb-caption-title-transform:var(--h2_typography-text-transform);--awb-caption-title-line-height:var(--h2_typography-line-height);--awb-caption-title-letter-spacing:var(--h2_typography-letter-spacing);\"><div class=\"imageframe-align-center\"><span class=\" fusion-imageframe imageframe-none imageframe-4 hover-type-none\"><a class=\"fusion-no-lightbox\" href=\"https:\/\/hamburg-daressalaam.de\/en\/tanzania-renewable-energy-association-tarea\/\" target=\"_self\" aria-label=\"AKTEUR_Logo-for-Letters_LOGO_400x400_2003510\"><img decoding=\"async\" width=\"400\" height=\"400\" src=\"https:\/\/cdn.hamburg-daressalaam.de\/wp-content\/uploads\/2020\/03\/AKTEUR_Logo-for-Letters_LOGO_400x400_2003510.png?strip=all\" alt class=\"img-responsive wp-image-4713\" srcset=\"https:\/\/cdn.hamburg-daressalaam.de\/wp-content\/uploads\/2020\/03\/AKTEUR_Logo-for-Letters_LOGO_400x400_2003510-200x200.png?strip=all 200w, https:\/\/cdn.hamburg-daressalaam.de\/wp-content\/uploads\/2020\/03\/AKTEUR_Logo-for-Letters_LOGO_400x400_2003510.png?strip=all 400w, https:\/\/cdn.hamburg-daressalaam.de\/wp-content\/uploads\/2020\/03\/AKTEUR_Logo-for-Letters_LOGO_400x400_2003510.png?strip=all&amp;w=80 80w, https:\/\/cdn.hamburg-daressalaam.de\/wp-content\/uploads\/2020\/03\/AKTEUR_Logo-for-Letters_LOGO_400x400_2003510.png?strip=all&amp;w=320 320w\" sizes=\"(max-width: 1024px) 100vw, 400px\" \/><\/a><\/span><\/div><\/div><div class=\"fusion-clearfix\"><\/div><\/div><\/div><div class=\"fusion-layout-column fusion_builder_column fusion-builder-column-8 fusion_builder_column_1_1 1_1 fusion-one-full fusion-column-first fusion-column-last\" style=\"--awb-bg-size:cover;\"><div class=\"fusion-column-wrapper fusion-column-has-shadow fusion-flex-column-wrapper-legacy\"><div class=\"fusion-sep-clear\"><\/div><div class=\"fusion-separator fusion-full-width-sep\" style=\"margin-left: auto;margin-right: auto;margin-bottom:30px;width:100%;\"><\/div><div class=\"fusion-sep-clear\"><\/div><div class=\"fusion-aligncenter\"><a class=\"fusion-button button-flat fusion-button-default-size button-default fusion-button-default button-1 fusion-button-default-span fusion-button-default-type\" target=\"_self\" href=\"https:\/\/hamburg-daressalaam.de\/en\/partnerships\/\"><i class=\"fa-angle-left fas button-icon-left\" aria-hidden=\"true\"><\/i><span class=\"fusion-button-text\">Back to the overview<\/span><\/a><\/div><div class=\"fusion-clearfix\"><\/div><\/div><\/div><\/div><\/div><div class=\"fusion-fullwidth fullwidth-box fusion-builder-row-3 fusion-flex-container has-pattern-background has-mask-background nonhundred-percent-fullwidth non-hundred-percent-height-scrolling\" style=\"--awb-border-radius-top-left:0px;--awb-border-radius-top-right:0px;--awb-border-radius-bottom-right:0px;--awb-border-radius-bottom-left:0px;\" ><div class=\"fusion-builder-row fusion-row fusion-flex-align-items-flex-start\" style=\"max-width:1216.8px;margin-left: calc(-4% \/ 2 );margin-right: calc(-4% \/ 2 );\"><div class=\"fusion-layout-column fusion_builder_column fusion-builder-column-9 fusion_builder_column_1_1 1_1 fusion-flex-column\" style=\"--awb-bg-size:cover;--awb-width-large:100%;--awb-margin-top-large:0px;--awb-spacing-right-large:1.92%;--awb-margin-bottom-large:20px;--awb-spacing-left-large:1.92%;--awb-width-medium:100%;--awb-order-medium:0;--awb-spacing-right-medium:1.92%;--awb-spacing-left-medium:1.92%;--awb-width-small:100%;--awb-order-small:0;--awb-spacing-right-small:1.92%;--awb-spacing-left-small:1.92%;\"><div class=\"fusion-column-wrapper fusion-column-has-shadow fusion-flex-justify-content-flex-start fusion-content-layout-column\"><div class=\"fusion-separator fusion-no-small-visibility fusion-full-width-sep\" style=\"align-self: center;margin-left: auto;margin-right: auto;margin-bottom:50px;width:100%;\"><div class=\"fusion-separator-border sep-single\" style=\"--awb-height:20px;--awb-amount:20px;border-color:#e0dede;border-top-width:1px;\"><\/div><\/div><\/div><\/div><\/div><\/div><\/p>\n","protected":false},"excerpt":{"rendered":"","protected":false},"author":1,"featured_media":4703,"comment_status":"open","ping_status":"open","sticky":false,"template":"","format":"standard","meta":{"_price":"","_stock":"","_tribe_ticket_header":"","_tribe_default_ticket_provider":"","_ticket_start_date":"","_ticket_end_date":"","_tribe_ticket_show_description":"","_tribe_ticket_show_not_going":false,"_tribe_ticket_use_global_stock":"","_tribe_ticket_global_stock_level":"","_global_stock_mode":"","_global_stock_cap":"","_tribe_rsvp_for_event":"","_tribe_ticket_going_count":"","_tribe_ticket_not_going_count":"","_tribe_tickets_list":"[]","_tribe_ticket_has_attendee_info_fields":false,"footnotes":""},"categories":[101],"tags":[103,111],"class_list":["post-6049","post","type-post","status-publish","format-standard","has-post-thumbnail","hentry","category-partnerships","tag-environment-climate","tag-youth-sports"],"yoast_head":"<!-- This site is optimized with the Yoast SEO plugin v27.5 - https:\/\/yoast.com\/product\/yoast-seo-wordpress\/ -->\n<title>Weltw\u00e4rts for international understanding and climate protection - Freundeskreis Hamburg-Dar es Salaam<\/title>\n<meta name=\"robots\" content=\"index, follow, max-snippet:-1, max-image-preview:large, max-video-preview:-1\" \/>\n<link rel=\"canonical\" href=\"https:\/\/hamburg-daressalaam.de\/en\/weltwaerts-for-international-understanding-and-climate-protection\/\" \/>\n<meta property=\"og:locale\" content=\"en_US\" \/>\n<meta property=\"og:type\" content=\"article\" \/>\n<meta property=\"og:title\" content=\"Weltw\u00e4rts for international understanding and climate protection - Freundeskreis Hamburg-Dar es Salaam\" \/>\n<meta property=\"og:url\" content=\"https:\/\/hamburg-daressalaam.de\/en\/weltwaerts-for-international-understanding-and-climate-protection\/\" \/>\n<meta property=\"og:site_name\" content=\"Freundeskreis Hamburg-Dar es Salaam\" \/>\n<meta property=\"article:published_time\" content=\"2020-03-27T08:06:43+00:00\" \/>\n<meta property=\"article:modified_time\" content=\"2025-06-15T13:43:58+00:00\" \/>\n<meta property=\"og:image\" content=\"https:\/\/hamburg-daressalaam.de\/wp-content\/uploads\/2020\/03\/web_DTP-youthCoalition_R_Frieda_MosesGro\u00dfmutter.png\" \/>\n\t<meta property=\"og:image:width\" content=\"600\" \/>\n\t<meta property=\"og:image:height\" content=\"600\" \/>\n\t<meta property=\"og:image:type\" content=\"image\/png\" \/>\n<meta name=\"author\" content=\"Jendrik\" \/>\n<meta name=\"twitter:card\" content=\"summary_large_image\" \/>\n<meta name=\"twitter:label1\" content=\"Written by\" \/>\n\t<meta name=\"twitter:data1\" content=\"Jendrik\" \/>\n\t<meta name=\"twitter:label2\" content=\"Est. reading time\" \/>\n\t<meta name=\"twitter:data2\" content=\"10 minutes\" \/>\n<script type=\"application\/ld+json\" class=\"yoast-schema-graph\">{\"@context\":\"https:\\\/\\\/schema.org\",\"@graph\":[{\"@type\":\"Article\",\"@id\":\"https:\\\/\\\/hamburg-daressalaam.de\\\/en\\\/weltwaerts-for-international-understanding-and-climate-protection\\\/#article\",\"isPartOf\":{\"@id\":\"https:\\\/\\\/hamburg-daressalaam.de\\\/en\\\/weltwaerts-for-international-understanding-and-climate-protection\\\/\"},\"author\":{\"name\":\"Jendrik\",\"@id\":\"https:\\\/\\\/hamburg-daressalaam.de\\\/en\\\/#\\\/schema\\\/person\\\/74b463665646dcc7097de2b8a9c704d2\"},\"headline\":\"Weltw\u00e4rts for international understanding and climate protection\",\"datePublished\":\"2020-03-27T08:06:43+00:00\",\"dateModified\":\"2025-06-15T13:43:58+00:00\",\"mainEntityOfPage\":{\"@id\":\"https:\\\/\\\/hamburg-daressalaam.de\\\/en\\\/weltwaerts-for-international-understanding-and-climate-protection\\\/\"},\"wordCount\":4015,\"commentCount\":0,\"publisher\":{\"@id\":\"https:\\\/\\\/hamburg-daressalaam.de\\\/en\\\/#organization\"},\"image\":{\"@id\":\"https:\\\/\\\/hamburg-daressalaam.de\\\/en\\\/weltwaerts-for-international-understanding-and-climate-protection\\\/#primaryimage\"},\"thumbnailUrl\":\"https:\\\/\\\/cdn.hamburg-daressalaam.de\\\/wp-content\\\/uploads\\\/2020\\\/03\\\/web_DTP-youthCoalition_R_Frieda_MosesGro\u00dfmutter.png?strip=all\",\"keywords\":[\"Environment &amp; Climate\",\"Youth &amp; Sports\"],\"articleSection\":[\"Partnerships\"],\"inLanguage\":\"en-US\",\"potentialAction\":[{\"@type\":\"CommentAction\",\"name\":\"Comment\",\"target\":[\"https:\\\/\\\/hamburg-daressalaam.de\\\/en\\\/weltwaerts-for-international-understanding-and-climate-protection\\\/#respond\"]}]},{\"@type\":\"WebPage\",\"@id\":\"https:\\\/\\\/hamburg-daressalaam.de\\\/en\\\/weltwaerts-for-international-understanding-and-climate-protection\\\/\",\"url\":\"https:\\\/\\\/hamburg-daressalaam.de\\\/en\\\/weltwaerts-for-international-understanding-and-climate-protection\\\/\",\"name\":\"Weltw\u00e4rts for international understanding and climate protection - Freundeskreis Hamburg-Dar es Salaam\",\"isPartOf\":{\"@id\":\"https:\\\/\\\/hamburg-daressalaam.de\\\/en\\\/#website\"},\"primaryImageOfPage\":{\"@id\":\"https:\\\/\\\/hamburg-daressalaam.de\\\/en\\\/weltwaerts-for-international-understanding-and-climate-protection\\\/#primaryimage\"},\"image\":{\"@id\":\"https:\\\/\\\/hamburg-daressalaam.de\\\/en\\\/weltwaerts-for-international-understanding-and-climate-protection\\\/#primaryimage\"},\"thumbnailUrl\":\"https:\\\/\\\/cdn.hamburg-daressalaam.de\\\/wp-content\\\/uploads\\\/2020\\\/03\\\/web_DTP-youthCoalition_R_Frieda_MosesGro\u00dfmutter.png?strip=all\",\"datePublished\":\"2020-03-27T08:06:43+00:00\",\"dateModified\":\"2025-06-15T13:43:58+00:00\",\"breadcrumb\":{\"@id\":\"https:\\\/\\\/hamburg-daressalaam.de\\\/en\\\/weltwaerts-for-international-understanding-and-climate-protection\\\/#breadcrumb\"},\"inLanguage\":\"en-US\",\"potentialAction\":[{\"@type\":\"ReadAction\",\"target\":[\"https:\\\/\\\/hamburg-daressalaam.de\\\/en\\\/weltwaerts-for-international-understanding-and-climate-protection\\\/\"]}]},{\"@type\":\"ImageObject\",\"inLanguage\":\"en-US\",\"@id\":\"https:\\\/\\\/hamburg-daressalaam.de\\\/en\\\/weltwaerts-for-international-understanding-and-climate-protection\\\/#primaryimage\",\"url\":\"https:\\\/\\\/cdn.hamburg-daressalaam.de\\\/wp-content\\\/uploads\\\/2020\\\/03\\\/web_DTP-youthCoalition_R_Frieda_MosesGro\u00dfmutter.png?strip=all\",\"contentUrl\":\"https:\\\/\\\/cdn.hamburg-daressalaam.de\\\/wp-content\\\/uploads\\\/2020\\\/03\\\/web_DTP-youthCoalition_R_Frieda_MosesGro\u00dfmutter.png?strip=all\",\"width\":600,\"height\":600},{\"@type\":\"BreadcrumbList\",\"@id\":\"https:\\\/\\\/hamburg-daressalaam.de\\\/en\\\/weltwaerts-for-international-understanding-and-climate-protection\\\/#breadcrumb\",\"itemListElement\":[{\"@type\":\"ListItem\",\"position\":1,\"name\":\"Startseite\",\"item\":\"https:\\\/\\\/hamburg-daressalaam.de\\\/en\\\/home\\\/\"},{\"@type\":\"ListItem\",\"position\":2,\"name\":\"Weltw\u00e4rts for international understanding and climate protection\"}]},{\"@type\":\"WebSite\",\"@id\":\"https:\\\/\\\/hamburg-daressalaam.de\\\/en\\\/#website\",\"url\":\"https:\\\/\\\/hamburg-daressalaam.de\\\/en\\\/\",\"name\":\"Freundeskreis Hamburg-Dar es Salaam\",\"description\":\"Freundeskreis der St\u00e4dtepartnerschaft Hamburg-Dar es Salaam\",\"publisher\":{\"@id\":\"https:\\\/\\\/hamburg-daressalaam.de\\\/en\\\/#organization\"},\"potentialAction\":[{\"@type\":\"SearchAction\",\"target\":{\"@type\":\"EntryPoint\",\"urlTemplate\":\"https:\\\/\\\/hamburg-daressalaam.de\\\/en\\\/?s={search_term_string}\"},\"query-input\":{\"@type\":\"PropertyValueSpecification\",\"valueRequired\":true,\"valueName\":\"search_term_string\"}}],\"inLanguage\":\"en-US\"},{\"@type\":\"Organization\",\"@id\":\"https:\\\/\\\/hamburg-daressalaam.de\\\/en\\\/#organization\",\"name\":\"Freundeskreis Dar es Salaam \u2013 Hamburg e.V.\",\"url\":\"https:\\\/\\\/hamburg-daressalaam.de\\\/en\\\/\",\"logo\":{\"@type\":\"ImageObject\",\"inLanguage\":\"en-US\",\"@id\":\"https:\\\/\\\/hamburg-daressalaam.de\\\/en\\\/#\\\/schema\\\/logo\\\/image\\\/\",\"url\":\"https:\\\/\\\/hamburg-daressalaam.de\\\/wp-content\\\/uploads\\\/2020\\\/02\\\/Logo-400s.png\",\"contentUrl\":\"https:\\\/\\\/hamburg-daressalaam.de\\\/wp-content\\\/uploads\\\/2020\\\/02\\\/Logo-400s.png\",\"width\":400,\"height\":160,\"caption\":\"Freundeskreis Dar es Salaam \u2013 Hamburg e.V.\"},\"image\":{\"@id\":\"https:\\\/\\\/hamburg-daressalaam.de\\\/en\\\/#\\\/schema\\\/logo\\\/image\\\/\"}},{\"@type\":\"Person\",\"@id\":\"https:\\\/\\\/hamburg-daressalaam.de\\\/en\\\/#\\\/schema\\\/person\\\/74b463665646dcc7097de2b8a9c704d2\",\"name\":\"Jendrik\",\"image\":{\"@type\":\"ImageObject\",\"inLanguage\":\"en-US\",\"@id\":\"https:\\\/\\\/secure.gravatar.com\\\/avatar\\\/27199befc7adee05768c6583b33773a1d786cdde4f3a51dde99442547b6a071f?s=96&d=mm&r=g\",\"url\":\"https:\\\/\\\/secure.gravatar.com\\\/avatar\\\/27199befc7adee05768c6583b33773a1d786cdde4f3a51dde99442547b6a071f?s=96&d=mm&r=g\",\"contentUrl\":\"https:\\\/\\\/secure.gravatar.com\\\/avatar\\\/27199befc7adee05768c6583b33773a1d786cdde4f3a51dde99442547b6a071f?s=96&d=mm&r=g\",\"caption\":\"Jendrik\"}}]}<\/script>\n<!-- \/ Yoast SEO plugin. -->","yoast_head_json":{"title":"Weltw\u00e4rts for international understanding and climate protection - Freundeskreis Hamburg-Dar es Salaam","robots":{"index":"index","follow":"follow","max-snippet":"max-snippet:-1","max-image-preview":"max-image-preview:large","max-video-preview":"max-video-preview:-1"},"canonical":"https:\/\/hamburg-daressalaam.de\/en\/weltwaerts-for-international-understanding-and-climate-protection\/","og_locale":"en_US","og_type":"article","og_title":"Weltw\u00e4rts for international understanding and climate protection - Freundeskreis Hamburg-Dar es Salaam","og_url":"https:\/\/hamburg-daressalaam.de\/en\/weltwaerts-for-international-understanding-and-climate-protection\/","og_site_name":"Freundeskreis Hamburg-Dar es Salaam","article_published_time":"2020-03-27T08:06:43+00:00","article_modified_time":"2025-06-15T13:43:58+00:00","og_image":[{"width":600,"height":600,"url":"https:\/\/hamburg-daressalaam.de\/wp-content\/uploads\/2020\/03\/web_DTP-youthCoalition_R_Frieda_MosesGro\u00dfmutter.png","type":"image\/png"}],"author":"Jendrik","twitter_card":"summary_large_image","twitter_misc":{"Written by":"Jendrik","Est. reading time":"10 minutes"},"schema":{"@context":"https:\/\/schema.org","@graph":[{"@type":"Article","@id":"https:\/\/hamburg-daressalaam.de\/en\/weltwaerts-for-international-understanding-and-climate-protection\/#article","isPartOf":{"@id":"https:\/\/hamburg-daressalaam.de\/en\/weltwaerts-for-international-understanding-and-climate-protection\/"},"author":{"name":"Jendrik","@id":"https:\/\/hamburg-daressalaam.de\/en\/#\/schema\/person\/74b463665646dcc7097de2b8a9c704d2"},"headline":"Weltw\u00e4rts for international understanding and climate protection","datePublished":"2020-03-27T08:06:43+00:00","dateModified":"2025-06-15T13:43:58+00:00","mainEntityOfPage":{"@id":"https:\/\/hamburg-daressalaam.de\/en\/weltwaerts-for-international-understanding-and-climate-protection\/"},"wordCount":4015,"commentCount":0,"publisher":{"@id":"https:\/\/hamburg-daressalaam.de\/en\/#organization"},"image":{"@id":"https:\/\/hamburg-daressalaam.de\/en\/weltwaerts-for-international-understanding-and-climate-protection\/#primaryimage"},"thumbnailUrl":"https:\/\/cdn.hamburg-daressalaam.de\/wp-content\/uploads\/2020\/03\/web_DTP-youthCoalition_R_Frieda_MosesGro\u00dfmutter.png?strip=all","keywords":["Environment &amp; Climate","Youth &amp; Sports"],"articleSection":["Partnerships"],"inLanguage":"en-US","potentialAction":[{"@type":"CommentAction","name":"Comment","target":["https:\/\/hamburg-daressalaam.de\/en\/weltwaerts-for-international-understanding-and-climate-protection\/#respond"]}]},{"@type":"WebPage","@id":"https:\/\/hamburg-daressalaam.de\/en\/weltwaerts-for-international-understanding-and-climate-protection\/","url":"https:\/\/hamburg-daressalaam.de\/en\/weltwaerts-for-international-understanding-and-climate-protection\/","name":"Weltw\u00e4rts for international understanding and climate protection - Freundeskreis Hamburg-Dar es Salaam","isPartOf":{"@id":"https:\/\/hamburg-daressalaam.de\/en\/#website"},"primaryImageOfPage":{"@id":"https:\/\/hamburg-daressalaam.de\/en\/weltwaerts-for-international-understanding-and-climate-protection\/#primaryimage"},"image":{"@id":"https:\/\/hamburg-daressalaam.de\/en\/weltwaerts-for-international-understanding-and-climate-protection\/#primaryimage"},"thumbnailUrl":"https:\/\/cdn.hamburg-daressalaam.de\/wp-content\/uploads\/2020\/03\/web_DTP-youthCoalition_R_Frieda_MosesGro\u00dfmutter.png?strip=all","datePublished":"2020-03-27T08:06:43+00:00","dateModified":"2025-06-15T13:43:58+00:00","breadcrumb":{"@id":"https:\/\/hamburg-daressalaam.de\/en\/weltwaerts-for-international-understanding-and-climate-protection\/#breadcrumb"},"inLanguage":"en-US","potentialAction":[{"@type":"ReadAction","target":["https:\/\/hamburg-daressalaam.de\/en\/weltwaerts-for-international-understanding-and-climate-protection\/"]}]},{"@type":"ImageObject","inLanguage":"en-US","@id":"https:\/\/hamburg-daressalaam.de\/en\/weltwaerts-for-international-understanding-and-climate-protection\/#primaryimage","url":"https:\/\/cdn.hamburg-daressalaam.de\/wp-content\/uploads\/2020\/03\/web_DTP-youthCoalition_R_Frieda_MosesGro\u00dfmutter.png?strip=all","contentUrl":"https:\/\/cdn.hamburg-daressalaam.de\/wp-content\/uploads\/2020\/03\/web_DTP-youthCoalition_R_Frieda_MosesGro\u00dfmutter.png?strip=all","width":600,"height":600},{"@type":"BreadcrumbList","@id":"https:\/\/hamburg-daressalaam.de\/en\/weltwaerts-for-international-understanding-and-climate-protection\/#breadcrumb","itemListElement":[{"@type":"ListItem","position":1,"name":"Startseite","item":"https:\/\/hamburg-daressalaam.de\/en\/home\/"},{"@type":"ListItem","position":2,"name":"Weltw\u00e4rts for international understanding and climate protection"}]},{"@type":"WebSite","@id":"https:\/\/hamburg-daressalaam.de\/en\/#website","url":"https:\/\/hamburg-daressalaam.de\/en\/","name":"Freundeskreis Hamburg-Dar es Salaam","description":"Freundeskreis der St\u00e4dtepartnerschaft Hamburg-Dar es Salaam","publisher":{"@id":"https:\/\/hamburg-daressalaam.de\/en\/#organization"},"potentialAction":[{"@type":"SearchAction","target":{"@type":"EntryPoint","urlTemplate":"https:\/\/hamburg-daressalaam.de\/en\/?s={search_term_string}"},"query-input":{"@type":"PropertyValueSpecification","valueRequired":true,"valueName":"search_term_string"}}],"inLanguage":"en-US"},{"@type":"Organization","@id":"https:\/\/hamburg-daressalaam.de\/en\/#organization","name":"Freundeskreis Dar es Salaam \u2013 Hamburg e.V.","url":"https:\/\/hamburg-daressalaam.de\/en\/","logo":{"@type":"ImageObject","inLanguage":"en-US","@id":"https:\/\/hamburg-daressalaam.de\/en\/#\/schema\/logo\/image\/","url":"https:\/\/hamburg-daressalaam.de\/wp-content\/uploads\/2020\/02\/Logo-400s.png","contentUrl":"https:\/\/hamburg-daressalaam.de\/wp-content\/uploads\/2020\/02\/Logo-400s.png","width":400,"height":160,"caption":"Freundeskreis Dar es Salaam \u2013 Hamburg e.V."},"image":{"@id":"https:\/\/hamburg-daressalaam.de\/en\/#\/schema\/logo\/image\/"}},{"@type":"Person","@id":"https:\/\/hamburg-daressalaam.de\/en\/#\/schema\/person\/74b463665646dcc7097de2b8a9c704d2","name":"Jendrik","image":{"@type":"ImageObject","inLanguage":"en-US","@id":"https:\/\/secure.gravatar.com\/avatar\/27199befc7adee05768c6583b33773a1d786cdde4f3a51dde99442547b6a071f?s=96&d=mm&r=g","url":"https:\/\/secure.gravatar.com\/avatar\/27199befc7adee05768c6583b33773a1d786cdde4f3a51dde99442547b6a071f?s=96&d=mm&r=g","contentUrl":"https:\/\/secure.gravatar.com\/avatar\/27199befc7adee05768c6583b33773a1d786cdde4f3a51dde99442547b6a071f?s=96&d=mm&r=g","caption":"Jendrik"}}]}},"_links":{"self":[{"href":"https:\/\/hamburg-daressalaam.de\/en\/wp-json\/wp\/v2\/posts\/6049","targetHints":{"allow":["GET"]}}],"collection":[{"href":"https:\/\/hamburg-daressalaam.de\/en\/wp-json\/wp\/v2\/posts"}],"about":[{"href":"https:\/\/hamburg-daressalaam.de\/en\/wp-json\/wp\/v2\/types\/post"}],"author":[{"embeddable":true,"href":"https:\/\/hamburg-daressalaam.de\/en\/wp-json\/wp\/v2\/users\/1"}],"replies":[{"embeddable":true,"href":"https:\/\/hamburg-daressalaam.de\/en\/wp-json\/wp\/v2\/comments?post=6049"}],"version-history":[{"count":6,"href":"https:\/\/hamburg-daressalaam.de\/en\/wp-json\/wp\/v2\/posts\/6049\/revisions"}],"predecessor-version":[{"id":7190,"href":"https:\/\/hamburg-daressalaam.de\/en\/wp-json\/wp\/v2\/posts\/6049\/revisions\/7190"}],"wp:featuredmedia":[{"embeddable":true,"href":"https:\/\/hamburg-daressalaam.de\/en\/wp-json\/wp\/v2\/media\/4703"}],"wp:attachment":[{"href":"https:\/\/hamburg-daressalaam.de\/en\/wp-json\/wp\/v2\/media?parent=6049"}],"wp:term":[{"taxonomy":"category","embeddable":true,"href":"https:\/\/hamburg-daressalaam.de\/en\/wp-json\/wp\/v2\/categories?post=6049"},{"taxonomy":"post_tag","embeddable":true,"href":"https:\/\/hamburg-daressalaam.de\/en\/wp-json\/wp\/v2\/tags?post=6049"}],"curies":[{"name":"wp","href":"https:\/\/api.w.org\/{rel}","templated":true}]}}